{"id":9954,"date":"2024-11-19T09:16:07","date_gmt":"2024-11-19T09:16:07","guid":{"rendered":"https:\/\/www.emhe.es\/?p=9954"},"modified":"2024-11-20T12:15:28","modified_gmt":"2024-11-20T12:15:28","slug":"el-despacho-de-abogados-emhe-legal-se-incorpora-a-la-red-en-espana-del-grupo-rocajunyent","status":"publish","type":"post","link":"https:\/\/www.emhe.es\/en\/el-despacho-de-abogados-emhe-legal-se-incorpora-a-la-red-en-espana-del-grupo-rocajunyent\/","title":{"rendered":"El despacho de abogados EMHE Legal se incorpora a la red en Espa\u00f1a del Grupo RocaJunyent"},"content":{"rendered":"<h3>Los abogados Felipe Palau Ram\u00edrez y Javier Pe\u00f1arrocha Mateu de EMHE Legal se unen como nuevos socios del Grupo RocaJunyent<\/h3>\n<p>Valencia. 30 de octubre de 2024. El despacho de abogados, EMHE Legal, despacho multidisciplinar con sede en Valencia, y que ofrece asesoramiento jur\u00eddico en materia de Derecho Mercantil, Procesal, Concursal, Fiscal, Laboral y Penal, se ha unido al Grupo RocaJunyent. Forma parte ya de la red del Grupo RocaJunyent en Espa\u00f1a que cuenta con 11 oficinas.<\/p>\n<p>EMHE Legal est\u00e1 dirigido por dos socios, Felipe Palau Ram\u00edrez, mercantilista que, adem\u00e1s, es catedr\u00e1tico de Derecho Mercantil de la Universitat Polit\u00e8cnica de Valencia, y Javier Pe\u00f1arrocha Mateu, especialista tambi\u00e9n en Derecho Mercantil y Procesal y profesor asociado de la misma Universitat.<\/p>\n<p>El despacho est\u00e1 situado en el centro de la ciudad de Valencia y est\u00e1 especializado en Derecho Mercantil y Procesal, pero tambi\u00e9n con atenci\u00f3n en otras \u00e1reas del Derecho. Una parte de sus clientes son inversores y empresas extranjeras con intereses tanto en Valencia como en el resto del territorio espa\u00f1ol.<\/p>\n<p>Felipe Palau y Javier Pe\u00f1arrocha aseguran que \u201cnuestra incorporaci\u00f3n al Grupo RocaJunyent ampl\u00eda la oferta de servicios y especializaciones para nuestros clientes, a los que podremos acompa\u00f1ar en sus necesidades de asesoramiento jur\u00eddico en \u00e1reas hasta ahora no cubiertas por EMHE Legal\u201d.<\/p>\n<p>Felipe Palau ha se\u00f1alado que con \u201cesta integraci\u00f3n ofreceremos una mejor atenci\u00f3n a nuestros clientes ya que contaremos con socios en la mayor\u00eda de ciudades espa\u00f1olas donde tambi\u00e9n tienen intereses las empresas y personas que atendemos desde nuestro despacho\u201d.<\/p>\n<p>Joan Roca, presidente de Grupo RocaJunyent, explica que \u201cestamos muy satisfechos con el acuerdo de incorporaci\u00f3n de EMHE Legal al Grupo RocaJunyent, que nos permite ganar capilaridad en Espa\u00f1a con una nueva oficina en Valencia, lo que redunda en una mejor vinculaci\u00f3n y oferta de servicios en todos los puntos donde tenemos oficinas y, adem\u00e1s, beneficia el impulso que est\u00e1 teniendo RocaJunyent en Madrid\u201d.<\/p>\n<p>El Grupo RocaJunyent, creado a finales de 2023, est\u00e1 formado por las firmas RocaJunyent, RocaJunyent-Gaona, RocaJunyent-Iparbilbao, RocaJunyent-Sanz Lomana Puras, RocaJunyent-Hernando Lara, RocaJunyent-Riutord Abogados y RocaJunyent-SGS, con oficinas en Madrid, Barcelona, Girona, M\u00e1laga, Sevilla, Bilbao, Burgos, Valladolid, Palma de Mallorca, Badajoz y, ahora, Valencia. La adhesi\u00f3n de EMHE Legal al Grupo RocaJunyent se cerr\u00f3 durante la primera reuni\u00f3n de socios del Grupo, celebrada en M\u00e1laga los pasados 3 y 4 de octubre.<\/p>\n<p>Los despachos del Grupo RocaJunyent cuentan con 87 socios y un total de 350 profesionales en toda Espa\u00f1a. Al cierre del ejercicio 2023, el Grupo RocaJunyent factur\u00f3 37,9 millones de euros.<\/p>\n<p><strong>Sobre RocaJunyent<\/strong><br \/>RocaJunyent, una de las primeras firmas de abogados espa\u00f1olas. Ofrece asesoramiento en todas las \u00e1reas del Derecho, destacando especialmente las de Derecho Mercantil, Bancario y Financiero, Procesal, Fiscal y Laboral. RocaJunyent es miembro exclusivo en Espa\u00f1a de la red internacional Terralex. El despacho cuenta con una destacada reputaci\u00f3n internacional, lo que le ha permitido ser reconocido por las m\u00e1s prestigiosas publicaciones legales, tales como Chambers &amp; Partners, Legal 500, Leaders League o ITR World Tax.<\/p>\n","protected":false},"excerpt":{"rendered":"<p>Los abogados Felipe Palau Ram\u00edrez y Javier Pe\u00f1arrocha Mateu de EMHE Legal se unen como nuevos socios del Grupo RocaJunyent Valencia. 30 de octubre de 2024. El despacho de abogados, EMHE Legal, despacho multidisciplinar con sede en Valencia, y que ofrece asesoramiento jur\u00eddico en materia de Derecho Mercantil, Procesal, Concursal, Fiscal, Laboral y Penal, se [&#8230;]\n","protected":false},"author":1,"featured_media":9959,"comment_status":"open","ping_status":"open","sticky":false,"template":"","format":"standard","meta":{"footnotes":""},"categories":[1],"tags":[],"yoast_head":"<!-- This site is optimized with the Yoast SEO plugin v23.5 - https:\/\/yoast.com\/wordpress\/plugins\/seo\/ -->\n<title><\/title>\n<meta name=\"robots\" content=\"index, follow, max-snippet:-1, max-image-preview:large, max-video-preview:-1\" \/>\n<link rel=\"canonical\" href=\"https:\/\/www.emhe.es\/el-despacho-de-abogados-emhe-legal-se-incorpora-a-la-red-en-espana-del-grupo-rocajunyent\/\" \/>\n<meta property=\"og:locale\" content=\"en_US\" \/>\n<meta property=\"og:type\" content=\"article\" \/>\n<meta property=\"og:title\" content=\"[:es]El despacho de abogados EMHE Legal se incorpora a la red en Espa\u00f1a del Grupo RocaJunyent [:] - RocaJunyent_grupo - EMHE Legal\" \/>\n<meta property=\"og:description\" content=\"Los abogados Felipe Palau Ram\u00edrez y Javier Pe\u00f1arrocha Mateu de EMHE Legal se unen como nuevos socios del Grupo RocaJunyent Valencia. 30 de octubre de 2024. El despacho de abogados, EMHE Legal, despacho multidisciplinar con sede en Valencia, y que ofrece asesoramiento jur\u00eddico en materia de Derecho Mercantil, Procesal, Concursal, Fiscal, Laboral y Penal, se [...]\" \/>\n<meta property=\"og:url\" content=\"https:\/\/www.emhe.es\/el-despacho-de-abogados-emhe-legal-se-incorpora-a-la-red-en-espana-del-grupo-rocajunyent\/\" \/>\n<meta property=\"og:site_name\" content=\"RocaJunyent_grupo - EMHE Legal\" \/>\n<meta property=\"article:published_time\" content=\"2024-11-19T09:16:07+00:00\" \/>\n<meta property=\"article:modified_time\" content=\"2024-11-20T12:15:28+00:00\" \/>\n<meta property=\"og:image\" content=\"https:\/\/www.emhe.es\/wp-content\/uploads\/2024\/11\/SPIR0766-scaled.jpg\" \/>\n\t<meta property=\"og:image:width\" content=\"2560\" \/>\n\t<meta property=\"og:image:height\" content=\"1132\" \/>\n\t<meta property=\"og:image:type\" content=\"image\/jpeg\" \/>\n<meta name=\"author\" content=\"admin-emhe\" \/>\n<meta name=\"twitter:card\" content=\"summary_large_image\" \/>\n<meta name=\"twitter:label1\" content=\"Written by\" \/>\n\t<meta name=\"twitter:data1\" content=\"admin-emhe\" \/>\n\t<meta name=\"twitter:label2\" content=\"Est. reading time\" \/>\n\t<meta name=\"twitter:data2\" content=\"3 minutes\" \/>\n<script type=\"application\/ld+json\" class=\"yoast-schema-graph\">{\"@context\":\"https:\/\/schema.org\",\"@graph\":[{\"@type\":\"WebPage\",\"@id\":\"https:\/\/www.emhe.es\/el-despacho-de-abogados-emhe-legal-se-incorpora-a-la-red-en-espana-del-grupo-rocajunyent\/\",\"url\":\"https:\/\/www.emhe.es\/el-despacho-de-abogados-emhe-legal-se-incorpora-a-la-red-en-espana-del-grupo-rocajunyent\/\",\"name\":\"[:es]El despacho de abogados EMHE Legal se incorpora a la red en Espa\u00f1a del Grupo RocaJunyent [:] - RocaJunyent_grupo - EMHE Legal\",\"isPartOf\":{\"@id\":\"https:\/\/www.emhe.es\/#website\"},\"primaryImageOfPage\":{\"@id\":\"https:\/\/www.emhe.es\/el-despacho-de-abogados-emhe-legal-se-incorpora-a-la-red-en-espana-del-grupo-rocajunyent\/#primaryimage\"},\"image\":{\"@id\":\"https:\/\/www.emhe.es\/el-despacho-de-abogados-emhe-legal-se-incorpora-a-la-red-en-espana-del-grupo-rocajunyent\/#primaryimage\"},\"thumbnailUrl\":\"https:\/\/www.emhe.es\/wp-content\/uploads\/2024\/11\/SPIR0766-scaled.jpg\",\"datePublished\":\"2024-11-19T09:16:07+00:00\",\"dateModified\":\"2024-11-20T12:15:28+00:00\",\"author\":{\"@id\":\"https:\/\/www.emhe.es\/#\/schema\/person\/109d825212e9bf0f4d7166783b8c4b75\"},\"breadcrumb\":{\"@id\":\"https:\/\/www.emhe.es\/el-despacho-de-abogados-emhe-legal-se-incorpora-a-la-red-en-espana-del-grupo-rocajunyent\/#breadcrumb\"},\"inLanguage\":\"en-US\",\"potentialAction\":[{\"@type\":\"ReadAction\",\"target\":[\"https:\/\/www.emhe.es\/el-despacho-de-abogados-emhe-legal-se-incorpora-a-la-red-en-espana-del-grupo-rocajunyent\/\"]}]},{\"@type\":\"ImageObject\",\"inLanguage\":\"en-US\",\"@id\":\"https:\/\/www.emhe.es\/el-despacho-de-abogados-emhe-legal-se-incorpora-a-la-red-en-espana-del-grupo-rocajunyent\/#primaryimage\",\"url\":\"https:\/\/www.emhe.es\/wp-content\/uploads\/2024\/11\/SPIR0766-scaled.jpg\",\"contentUrl\":\"https:\/\/www.emhe.es\/wp-content\/uploads\/2024\/11\/SPIR0766-scaled.jpg\",\"width\":2560,\"height\":1132},{\"@type\":\"BreadcrumbList\",\"@id\":\"https:\/\/www.emhe.es\/el-despacho-de-abogados-emhe-legal-se-incorpora-a-la-red-en-espana-del-grupo-rocajunyent\/#breadcrumb\",\"itemListElement\":[{\"@type\":\"ListItem\",\"position\":1,\"name\":\"Portada\",\"item\":\"https:\/\/www.emhe.es\/\"},{\"@type\":\"ListItem\",\"position\":2,\"name\":\"El despacho de abogados EMHE Legal se incorpora a la red en Espa\u00f1a del Grupo RocaJunyent\"}]},{\"@type\":\"WebSite\",\"@id\":\"https:\/\/www.emhe.es\/#website\",\"url\":\"https:\/\/www.emhe.es\/\",\"name\":\"RocaJunyent_grupo - EMHE Legal\",\"description\":\"\",\"potentialAction\":[{\"@type\":\"SearchAction\",\"target\":{\"@type\":\"EntryPoint\",\"urlTemplate\":\"https:\/\/www.emhe.es\/?s={search_term_string}\"},\"query-input\":{\"@type\":\"PropertyValueSpecification\",\"valueRequired\":true,\"valueName\":\"search_term_string\"}}],\"inLanguage\":\"en-US\"},{\"@type\":\"Person\",\"@id\":\"https:\/\/www.emhe.es\/#\/schema\/person\/109d825212e9bf0f4d7166783b8c4b75\",\"name\":\"admin-emhe\",\"image\":{\"@type\":\"ImageObject\",\"inLanguage\":\"en-US\",\"@id\":\"https:\/\/www.emhe.es\/#\/schema\/person\/image\/\",\"url\":\"https:\/\/secure.gravatar.com\/avatar\/f0b7890e1a8ef1915628e9019fad00c1?s=96&d=mm&r=g\",\"contentUrl\":\"https:\/\/secure.gravatar.com\/avatar\/f0b7890e1a8ef1915628e9019fad00c1?s=96&d=mm&r=g\",\"caption\":\"admin-emhe\"},\"url\":\"https:\/\/www.emhe.es\/en\/author\/admin-emhe\/\"}]}<\/script>\n<!-- \/ Yoast SEO plugin. -->","yoast_head_json":{"title":"[:es]El despacho de abogados EMHE Legal se incorpora a la red en Espa\u00f1a del Grupo RocaJunyent [:] - RocaJunyent_grupo - EMHE Legal","robots":{"index":"index","follow":"follow","max-snippet":"max-snippet:-1","max-image-preview":"max-image-preview:large","max-video-preview":"max-video-preview:-1"},"canonical":"https:\/\/www.emhe.es\/el-despacho-de-abogados-emhe-legal-se-incorpora-a-la-red-en-espana-del-grupo-rocajunyent\/","og_locale":"en_US","og_type":"article","og_title":"[:es]El despacho de abogados EMHE Legal se incorpora a la red en Espa\u00f1a del Grupo RocaJunyent [:] - RocaJunyent_grupo - EMHE Legal","og_description":"Los abogados Felipe Palau Ram\u00edrez y Javier Pe\u00f1arrocha Mateu de EMHE Legal se unen como nuevos socios del Grupo RocaJunyent Valencia. 30 de octubre de 2024. El despacho de abogados, EMHE Legal, despacho multidisciplinar con sede en Valencia, y que ofrece asesoramiento jur\u00eddico en materia de Derecho Mercantil, Procesal, Concursal, Fiscal, Laboral y Penal, se [...]","og_url":"https:\/\/www.emhe.es\/el-despacho-de-abogados-emhe-legal-se-incorpora-a-la-red-en-espana-del-grupo-rocajunyent\/","og_site_name":"RocaJunyent_grupo - EMHE Legal","article_published_time":"2024-11-19T09:16:07+00:00","article_modified_time":"2024-11-20T12:15:28+00:00","og_image":[{"width":2560,"height":1132,"url":"https:\/\/www.emhe.es\/wp-content\/uploads\/2024\/11\/SPIR0766-scaled.jpg","type":"image\/jpeg"}],"author":"admin-emhe","twitter_card":"summary_large_image","twitter_misc":{"Written by":"admin-emhe","Est. reading time":"3 minutes"},"schema":{"@context":"https:\/\/schema.org","@graph":[{"@type":"WebPage","@id":"https:\/\/www.emhe.es\/el-despacho-de-abogados-emhe-legal-se-incorpora-a-la-red-en-espana-del-grupo-rocajunyent\/","url":"https:\/\/www.emhe.es\/el-despacho-de-abogados-emhe-legal-se-incorpora-a-la-red-en-espana-del-grupo-rocajunyent\/","name":"[:es]El despacho de abogados EMHE Legal se incorpora a la red en Espa\u00f1a del Grupo RocaJunyent [:] - RocaJunyent_grupo - EMHE Legal","isPartOf":{"@id":"https:\/\/www.emhe.es\/#website"},"primaryImageOfPage":{"@id":"https:\/\/www.emhe.es\/el-despacho-de-abogados-emhe-legal-se-incorpora-a-la-red-en-espana-del-grupo-rocajunyent\/#primaryimage"},"image":{"@id":"https:\/\/www.emhe.es\/el-despacho-de-abogados-emhe-legal-se-incorpora-a-la-red-en-espana-del-grupo-rocajunyent\/#primaryimage"},"thumbnailUrl":"https:\/\/www.emhe.es\/wp-content\/uploads\/2024\/11\/SPIR0766-scaled.jpg","datePublished":"2024-11-19T09:16:07+00:00","dateModified":"2024-11-20T12:15:28+00:00","author":{"@id":"https:\/\/www.emhe.es\/#\/schema\/person\/109d825212e9bf0f4d7166783b8c4b75"},"breadcrumb":{"@id":"https:\/\/www.emhe.es\/el-despacho-de-abogados-emhe-legal-se-incorpora-a-la-red-en-espana-del-grupo-rocajunyent\/#breadcrumb"},"inLanguage":"en-US","potentialAction":[{"@type":"ReadAction","target":["https:\/\/www.emhe.es\/el-despacho-de-abogados-emhe-legal-se-incorpora-a-la-red-en-espana-del-grupo-rocajunyent\/"]}]},{"@type":"ImageObject","inLanguage":"en-US","@id":"https:\/\/www.emhe.es\/el-despacho-de-abogados-emhe-legal-se-incorpora-a-la-red-en-espana-del-grupo-rocajunyent\/#primaryimage","url":"https:\/\/www.emhe.es\/wp-content\/uploads\/2024\/11\/SPIR0766-scaled.jpg","contentUrl":"https:\/\/www.emhe.es\/wp-content\/uploads\/2024\/11\/SPIR0766-scaled.jpg","width":2560,"height":1132},{"@type":"BreadcrumbList","@id":"https:\/\/www.emhe.es\/el-despacho-de-abogados-emhe-legal-se-incorpora-a-la-red-en-espana-del-grupo-rocajunyent\/#breadcrumb","itemListElement":[{"@type":"ListItem","position":1,"name":"Portada","item":"https:\/\/www.emhe.es\/"},{"@type":"ListItem","position":2,"name":"El despacho de abogados EMHE Legal se incorpora a la red en Espa\u00f1a del Grupo RocaJunyent"}]},{"@type":"WebSite","@id":"https:\/\/www.emhe.es\/#website","url":"https:\/\/www.emhe.es\/","name":"RocaJunyent_grupo - EMHE Legal","description":"","potentialAction":[{"@type":"SearchAction","target":{"@type":"EntryPoint","urlTemplate":"https:\/\/www.emhe.es\/?s={search_term_string}"},"query-input":{"@type":"PropertyValueSpecification","valueRequired":true,"valueName":"search_term_string"}}],"inLanguage":"en-US"},{"@type":"Person","@id":"https:\/\/www.emhe.es\/#\/schema\/person\/109d825212e9bf0f4d7166783b8c4b75","name":"admin-emhe","image":{"@type":"ImageObject","inLanguage":"en-US","@id":"https:\/\/www.emhe.es\/#\/schema\/person\/image\/","url":"https:\/\/secure.gravatar.com\/avatar\/f0b7890e1a8ef1915628e9019fad00c1?s=96&d=mm&r=g","contentUrl":"https:\/\/secure.gravatar.com\/avatar\/f0b7890e1a8ef1915628e9019fad00c1?s=96&d=mm&r=g","caption":"admin-emhe"},"url":"https:\/\/www.emhe.es\/en\/author\/admin-emhe\/"}]}},"_links":{"self":[{"href":"https:\/\/www.emhe.es\/en\/wp-json\/wp\/v2\/posts\/9954"}],"collection":[{"href":"https:\/\/www.emhe.es\/en\/wp-json\/wp\/v2\/posts"}],"about":[{"href":"https:\/\/www.emhe.es\/en\/wp-json\/wp\/v2\/types\/post"}],"author":[{"embeddable":true,"href":"https:\/\/www.emhe.es\/en\/wp-json\/wp\/v2\/users\/1"}],"replies":[{"embeddable":true,"href":"https:\/\/www.emhe.es\/en\/wp-json\/wp\/v2\/comments?post=9954"}],"version-history":[{"count":1,"href":"https:\/\/www.emhe.es\/en\/wp-json\/wp\/v2\/posts\/9954\/revisions"}],"predecessor-version":[{"id":9956,"href":"https:\/\/www.emhe.es\/en\/wp-json\/wp\/v2\/posts\/9954\/revisions\/9956"}],"wp:featuredmedia":[{"embeddable":true,"href":"https:\/\/www.emhe.es\/en\/wp-json\/wp\/v2\/media\/9959"}],"wp:attachment":[{"href":"https:\/\/www.emhe.es\/en\/wp-json\/wp\/v2\/media?parent=9954"}],"wp:term":[{"taxonomy":"category","embeddable":true,"href":"https:\/\/www.emhe.es\/en\/wp-json\/wp\/v2\/categories?post=9954"},{"taxonomy":"post_tag","embeddable":true,"href":"https:\/\/www.emhe.es\/en\/wp-json\/wp\/v2\/tags?post=9954"}],"curies":[{"name":"wp","href":"https:\/\/api.w.org\/{rel}","templated":true}]}}