{"id":9648,"date":"2022-04-08T16:53:35","date_gmt":"2022-04-08T16:53:35","guid":{"rendered":"https:\/\/www.emhe.es\/?p=9648"},"modified":"2022-04-12T16:53:45","modified_gmt":"2022-04-12T16:53:45","slug":"el-efecto-silicon-valley-llega-a-espana","status":"publish","type":"post","link":"https:\/\/www.emhe.es\/de\/el-efecto-silicon-valley-llega-a-espana\/","title":{"rendered":"Der Silicon-Valley-Effekt erreicht Spanien"},"content":{"rendered":"<p style=\"font-weight: 400;\">Der spanische Gesetzgeber kann den wachsenden Einfluss von Start-ups und digitalen Unternehmen sowohl im nationalen als auch im globalen wirtschaftlichen Kontext nicht ignorieren. Daher ist derzeit im Parlament der <em>Entwurf eines Gesetzes zur F\u00f6rderung des \u00d6kosystems der Start-ups<\/em> in Bearbeitung, um die Gr\u00fcndung dieser Art von Unternehmen in Spanien zu f\u00f6rdern.<\/p>\n<p style=\"font-weight: 400;\">Start-ups haben einen besonderen rechtlichen Status, da sie spezifische Merkmale aufweisen, die es schwierig machen, sie in den traditionellen Rechtsrahmen einzupassen. Konkret handelt es sich um juristische Personen, die entweder gem\u00e4\u00df dem Gesetz 14\/2011 vom 1. Juni \u00fcber <em>Wissenschaft, Technologie und Innovation<\/em> gegr\u00fcndet werden, wenn sie technologiebasiert sind, oder um solche, die gem\u00e4\u00df dem Text des vorliegenden Gesetzentwurfs gegr\u00fcndet werden. In jedem Fall k\u00f6nnen sie nur dann als Start-ups verstanden werden, wenn sie alle in diesem Gesetzesentwurf enthaltenen Anforderungen erf\u00fcllen.<\/p>\n<p style=\"font-weight: 400;\">Es ist wichtig, diese unterschiedliche Behandlung im Vergleich zu anderen Unternehmen hervorzuheben, denn die Merkmale von Start-ups sind: das hohe Risiko, das sich aus ihrem hohen Innovationsinhalt ergibt, die Ungewissheit \u00fcber den Erfolg ihres Gesch\u00e4ftsmodells, das Potenzial f\u00fcr exponentielles Wachstum, ihre Abh\u00e4ngigkeit von der Gewinnung und Bindung hochqualifizierter und hochproduktiver Arbeitskr\u00e4fte und schlie\u00dflich die Tatsache, dass sie einem starken internationalen Wettbewerb ausgesetzt sind.<\/p>\n<p style=\"font-weight: 400;\">Ziel dieser Art von Unternehmen ist es, ein Problem zu l\u00f6sen oder eine bestehende Situation zu verbessern, indem Produkte, Dienstleistungen oder Verfahren entwickelt werden, die im Vergleich zum Stand der Technik neu oder verbessert sind und das Risiko eines technologischen oder industriellen Misserfolgs beinhalten.<\/p>\n<p style=\"font-weight: 400;\">Diese Norm bietet eine Reihe von Vorteilen f\u00fcr Start-ups, sofern sie die in Titel I der Norm festgelegten Anforderungen erf\u00fcllen. Im Einzelnen handelt es sich um folgende Anforderungen:<\/p>\n<ul>\n<li style=\"font-weight: 400;\">das Alter des Unternehmens, das neu gegr\u00fcndet sein muss oder h\u00f6chstens f\u00fcnf Jahre nach seiner Gr\u00fcndung bzw. sieben Jahre im Falle der Biotechnologie, der Energie, der Industrie oder anderer Sektoren, je nach Stand der Technik<\/li>\n<li style=\"font-weight: 400;\">die Unabh\u00e4ngigkeit des Unternehmens<\/li>\n<li style=\"font-weight: 400;\">der Firmensitz oder die Betriebsst\u00e4tte muss sich in Spanien befinden<\/li>\n<li style=\"font-weight: 400;\">ein Gro\u00dfteil der Arbeitskr\u00e4fte muss in Spanien besch\u00e4ftigt sein,<\/li>\n<li style=\"font-weight: 400;\">den innovativen Charakter des Unternehmens<\/li>\n<li style=\"font-weight: 400;\">sie darf nicht b\u00f6rsennotiert sein und keine Dividenden ausgesch\u00fcttet haben<\/li>\n<li style=\"font-weight: 400;\">der Umsatz darf nicht mehr als f\u00fcnf Millionen EUR betragen<\/li>\n<\/ul>\n<p style=\"font-weight: 400;\">Um die Einhaltung dieser Anforderungen zu best\u00e4tigen, sieht die Verordnung eine &#8222;<em>formelle Akkreditierung von innovativer Unternehmung<\/em>&#8220; durch die Nationale Innovationsgesellschaft (ENISA) vor, die &#8222;<em>\u00fcber die notwendigen Mittel verf\u00fcgt, um ein einfaches, schnelles und kostenloses Verfahren f\u00fcr den Unternehmer anzuwenden&#8220;. Diese &#8222;Akkreditierung, die f\u00fcr die Inanspruchnahme der in diesem Gesetz vorgesehenen steuerlichen und sozialen Verg\u00fcnstigungen unvermeidlich ist, wird vor allen Verwaltungen und Einrichtungen, die sie anerkennen m\u00fcssen, wirksam sein<\/em>&#8222;.<\/p>\n<p style=\"font-weight: 400;\">Wenn es eine Akkreditierung gibt, die die Existenz eines Start-up anerkennt, kann dieses Unternehmen die in diesem Gesetzentwurf vorgesehenen Vorteile genie\u03b2en. Im Einzelnen sind die folgenden Vorteile hervorzuheben:<\/p>\n<ul>\n<li style=\"font-weight: 400;\">Die Senkung des Steuersatzes f\u00fcr die K\u00f6rperschaftssteuer und die Einkommenssteuer f\u00fcr Nichtans\u00e4ssige auf 15 % in den ersten vier Gesch\u00e4ftsjahren, nachdem die Bemessungsgrundlage positiv ist.<\/li>\n<li style=\"font-weight: 400;\">Die Steuerbefreiung f\u00fcr Aktienoptionen erh\u00f6ht sich auf 50.000 EUR pro Jahr im Falle der Lieferung von Aktien oder Anteilen, die aus der Aus\u00fcbung von Kaufoptionen stammen, durch Start-ups, wodurch die Bedingungen f\u00fcr die Erzeugung eigener Aktien in Gesellschaften mit beschr\u00e4nkter Haftung flexibler werden.<\/li>\n<li style=\"font-weight: 400;\">Die maximale Abzugsbasis f\u00fcr Investitionen wird auf 100.000 EUR pro Jahr angehoben, und der Abzugssatz betr\u00e4gt nun 50 %. In diesem Zusammenhang wird der Zeitraum, in dem ein Unternehmen als neu gegr\u00fcndet gilt, im Allgemeinen auf 5 Jahre bzw. auf 7 Jahre f\u00fcr Unternehmen in bestimmten Sektoren erh\u00f6ht.<\/li>\n<li style=\"font-weight: 400;\">Stundung der Steuerschuld f\u00fcr die K\u00f6rperschaftssteuer oder die Einkommenssteuer f\u00fcr Nichtans\u00e4ssige in den ersten beiden Gesch\u00e4ftsjahren sobald die Bemessungsgrundlage positiv ist, ohne Garantien oder Verzugszinsen, f\u00fcr einen Zeitraum von 12 bzw. 6 Monaten.<\/li>\n<li style=\"font-weight: 400;\">Die Entfernung der Verpflichtung zu Ratenzahlungen der K\u00f6rperschaftsteuer und der Einkommensteuer f\u00fcr Nichtans\u00e4ssige in den beiden Jahren nach dem Jahr, in dem das steuerpflichtige Einkommen positiv ist.<\/li>\n<\/ul>\n<p style=\"font-weight: 400;\">Um die Einwanderung aus wirtschaftlichem Interesse nach Spanien zu erleichtern, werden neben steuerlichen Anreizen auch administrative Verg\u00fcnstigungen f\u00fcr die Erteilung von Aufenthalts- und Arbeitsgenehmigungen angeboten. In diesem Fall ist es interessant festzustellen, dass die administrativen Bearbeitungszeiten f\u00fcr diese Personen neben anderen Vorteilen durch ein positives Schweigen am Ende des Prozesses unterst\u00fctzt werden.<\/p>\n<ul>\n<li style=\"font-weight: 400;\">Die M\u00f6glichkeit, 5 Jahre lang in Spanien zu wohnen und zu arbeiten, f\u00fcr die Leute, die nach Spanien kommen, um in diesen Unternehmen zu arbeiten, sowie die M\u00f6glichkeit, von der besonderen Steuerregelung zu profitieren und Einkommenssteuer f\u00fcr Nichtans\u00e4ssige zu zahlen.<\/li>\n<li style=\"font-weight: 400;\">Die Entfernung der doppelten Sozialversicherungsbeitr\u00e4ge f\u00fcr Unternehmer, die gleichzeitig f\u00fcr einen Arbeitgeber als Arbeitnehmer t\u00e4tig sind, f\u00fcr drei Jahre.<\/li>\n<li style=\"font-weight: 400;\">Das Recht auf Familienzusammenf\u00fchrung wird gest\u00e4rkt, indem den Familienangeh\u00f6rigen der Person, die in einem Start-up-Unternehmen arbeitet, Vorteile gew\u00e4hrt werden.<\/li>\n<\/ul>\n<p style=\"font-weight: 400;\">Diese Verg\u00fcnstigungen enden, wenn sich das Unternehmen stabilisiert hat oder die Zeit, die als angemessen erachtet wird, um ein nachhaltiges Gesch\u00e4ftsmodell zu finden, verstrichen ist. Diese Regel beschr\u00e4nkt die Gew\u00e4hrung von Vorteilen jedoch nicht auf einen Einzelfall, da es m\u00f6glich ist, einen neuen Antrag zu stellen, wenn Gesch\u00e4ftsprojekte scheitern. Da es sich um risikoreiche Unternehmungen handelt, kann die T\u00fcr f\u00fcr weitere Versuche und M\u00f6glichkeiten nicht geschlossen werden.<\/p>\n<p style=\"font-weight: 400;\">Nach dieser kurzen Zusammenfassung des Gesetzentwurfs sind die \u00dcberlegungen von Prof. Dr. Benito Aru\u00f1ada, Professor an der Universit\u00e4t Pompeu Fabra und assoziierter Forscher an der Stiftung f\u00fcr angewandte Wirtschaftsstudien (Fundaci\u00f3n de Estudios de Econom\u00eda Aplicada), erw\u00e4hnenswert. Dieser Kommentar bietet einen interessanten kritischen Ansatz f\u00fcr die Anwendung einer solchen Vorzugsbehandlung f\u00fcr Start-ups.<\/p>","protected":false},"excerpt":{"rendered":"<p>Der spanische Gesetzgeber kann den wachsenden Einfluss von Start-ups und digitalen Unternehmen sowohl im nationalen als auch im globalen wirtschaftlichen Kontext nicht ignorieren. Daher ist derzeit im Parlament der Entwurf eines Gesetzes zur F\u00f6rderung des \u00d6kosystems der Start-ups in Bearbeitung, um die Gr\u00fcndung dieser Art von Unternehmen in Spanien zu f\u00f6rdern.<\/p>\n","protected":false},"author":2,"featured_media":0,"comment_status":"open","ping_status":"open","sticky":false,"template":"","format":"standard","meta":{"footnotes":""},"categories":[18],"tags":[],"yoast_head":"<!-- This site is optimized with the Yoast SEO plugin v23.5 - https:\/\/yoast.com\/wordpress\/plugins\/seo\/ -->\n<title>Der Silicon-Valley-Effekt erreicht Spanien - RocaJunyent_grupo - EMHE Legal<\/title>\n<meta name=\"robots\" content=\"index, follow, max-snippet:-1, max-image-preview:large, max-video-preview:-1\" \/>\n<link rel=\"canonical\" href=\"https:\/\/www.emhe.es\/el-efecto-silicon-valley-llega-a-espana\/\" \/>\n<meta property=\"og:locale\" content=\"de_DE\" \/>\n<meta property=\"og:type\" content=\"article\" \/>\n<meta property=\"og:title\" content=\"[:es]El efecto Silicon Valley llega a Espa\u00f1a[:en]The Silicon Valley effect reaches Spain[:de]Der Silicon-Valley-Effekt erreicht Spanien[:] - RocaJunyent_grupo - EMHE Legal\" \/>\n<meta property=\"og:description\" content=\"[:es]El legislador espa\u00f1ol no puede obviar la cada vez mayor influencia que tienen las start ups y las empresas digitales tanto en el contexto econ\u00f3mico nacional como el global. Por ello, para un fomento de la creaci\u00f3n de este tipo de empresas en Espa\u00f1a, se est\u00e1 tramitando en sede parlamentaria el Proyecto de Ley de fomento del ecosistema de las empresas emergentes.[:en]The Spanish legislator cannot ignore the growing influence of start-ups and digital companies in both the national and global economic context. For this reason, in order to promote the creation of this type of company in Spain, the Draft Law for the promotion of the start-up ecosystem is currently being processed in Parliament.[:de]Der spanische Gesetzgeber kann den wachsenden Einfluss von Start-ups und digitalen Unternehmen sowohl im nationalen als auch im globalen wirtschaftlichen Kontext nicht ignorieren. Daher ist derzeit im Parlament der Entwurf eines Gesetzes zur F\u00f6rderung des \u00d6kosystems der Start-ups in Bearbeitung, um die Gr\u00fcndung dieser Art von Unternehmen in Spanien zu f\u00f6rdern.[:]\" \/>\n<meta property=\"og:url\" content=\"https:\/\/www.emhe.es\/el-efecto-silicon-valley-llega-a-espana\/\" \/>\n<meta property=\"og:site_name\" content=\"RocaJunyent_grupo - EMHE Legal\" \/>\n<meta property=\"article:published_time\" content=\"2022-04-08T16:53:35+00:00\" \/>\n<meta property=\"article:modified_time\" content=\"2022-04-12T16:53:45+00:00\" \/>\n<meta name=\"author\" content=\"EMHE\" \/>\n<meta name=\"twitter:card\" content=\"summary_large_image\" \/>\n<meta name=\"twitter:label1\" content=\"Verfasst von\" \/>\n\t<meta name=\"twitter:data1\" content=\"EMHE\" \/>\n\t<meta name=\"twitter:label2\" content=\"Gesch\u00e4tzte Lesezeit\" \/>\n\t<meta name=\"twitter:data2\" content=\"15 Minuten\" \/>\n<script type=\"application\/ld+json\" class=\"yoast-schema-graph\">{\"@context\":\"https:\/\/schema.org\",\"@graph\":[{\"@type\":\"WebPage\",\"@id\":\"https:\/\/www.emhe.es\/el-efecto-silicon-valley-llega-a-espana\/\",\"url\":\"https:\/\/www.emhe.es\/el-efecto-silicon-valley-llega-a-espana\/\",\"name\":\"[:es]El efecto Silicon Valley llega a Espa\u00f1a[:en]The Silicon Valley effect reaches Spain[:de]Der Silicon-Valley-Effekt erreicht Spanien[:] - RocaJunyent_grupo - EMHE Legal\",\"isPartOf\":{\"@id\":\"https:\/\/www.emhe.es\/#website\"},\"datePublished\":\"2022-04-08T16:53:35+00:00\",\"dateModified\":\"2022-04-12T16:53:45+00:00\",\"author\":{\"@id\":\"https:\/\/www.emhe.es\/#\/schema\/person\/f30fb3874324d30bcb28b773bc9e46e8\"},\"breadcrumb\":{\"@id\":\"https:\/\/www.emhe.es\/el-efecto-silicon-valley-llega-a-espana\/#breadcrumb\"},\"inLanguage\":\"de-DE\",\"potentialAction\":[{\"@type\":\"ReadAction\",\"target\":[\"https:\/\/www.emhe.es\/el-efecto-silicon-valley-llega-a-espana\/\"]}]},{\"@type\":\"BreadcrumbList\",\"@id\":\"https:\/\/www.emhe.es\/el-efecto-silicon-valley-llega-a-espana\/#breadcrumb\",\"itemListElement\":[{\"@type\":\"ListItem\",\"position\":1,\"name\":\"Portada\",\"item\":\"https:\/\/www.emhe.es\/\"},{\"@type\":\"ListItem\",\"position\":2,\"name\":\"El efecto Silicon Valley llega a Espa\u00f1a\"}]},{\"@type\":\"WebSite\",\"@id\":\"https:\/\/www.emhe.es\/#website\",\"url\":\"https:\/\/www.emhe.es\/\",\"name\":\"RocaJunyent_grupo - EMHE Legal\",\"description\":\"\",\"potentialAction\":[{\"@type\":\"SearchAction\",\"target\":{\"@type\":\"EntryPoint\",\"urlTemplate\":\"https:\/\/www.emhe.es\/?s={search_term_string}\"},\"query-input\":{\"@type\":\"PropertyValueSpecification\",\"valueRequired\":true,\"valueName\":\"search_term_string\"}}],\"inLanguage\":\"de-DE\"},{\"@type\":\"Person\",\"@id\":\"https:\/\/www.emhe.es\/#\/schema\/person\/f30fb3874324d30bcb28b773bc9e46e8\",\"name\":\"EMHE\",\"image\":{\"@type\":\"ImageObject\",\"inLanguage\":\"de-DE\",\"@id\":\"https:\/\/www.emhe.es\/#\/schema\/person\/image\/\",\"url\":\"https:\/\/secure.gravatar.com\/avatar\/92e82fdad437c34a114256d5c5141861?s=96&d=mm&r=g\",\"contentUrl\":\"https:\/\/secure.gravatar.com\/avatar\/92e82fdad437c34a114256d5c5141861?s=96&d=mm&r=g\",\"caption\":\"EMHE\"},\"url\":\"https:\/\/www.emhe.es\/de\/author\/emhe-es\/\"}]}<\/script>\n<!-- \/ Yoast SEO plugin. -->","yoast_head_json":{"title":"[:es]El efecto Silicon Valley llega a Espa\u00f1a[:en]The Silicon Valley effect reaches Spain[:de]Der Silicon-Valley-Effekt erreicht Spanien[:] - RocaJunyent_grupo - EMHE Legal","robots":{"index":"index","follow":"follow","max-snippet":"max-snippet:-1","max-image-preview":"max-image-preview:large","max-video-preview":"max-video-preview:-1"},"canonical":"https:\/\/www.emhe.es\/el-efecto-silicon-valley-llega-a-espana\/","og_locale":"de_DE","og_type":"article","og_title":"[:es]El efecto Silicon Valley llega a Espa\u00f1a[:en]The Silicon Valley effect reaches Spain[:de]Der Silicon-Valley-Effekt erreicht Spanien[:] - RocaJunyent_grupo - EMHE Legal","og_description":"[:es]El legislador espa\u00f1ol no puede obviar la cada vez mayor influencia que tienen las start ups y las empresas digitales tanto en el contexto econ\u00f3mico nacional como el global. Por ello, para un fomento de la creaci\u00f3n de este tipo de empresas en Espa\u00f1a, se est\u00e1 tramitando en sede parlamentaria el Proyecto de Ley de fomento del ecosistema de las empresas emergentes.[:en]The Spanish legislator cannot ignore the growing influence of start-ups and digital companies in both the national and global economic context. For this reason, in order to promote the creation of this type of company in Spain, the Draft Law for the promotion of the start-up ecosystem is currently being processed in Parliament.[:de]Der spanische Gesetzgeber kann den wachsenden Einfluss von Start-ups und digitalen Unternehmen sowohl im nationalen als auch im globalen wirtschaftlichen Kontext nicht ignorieren. Daher ist derzeit im Parlament der Entwurf eines Gesetzes zur F\u00f6rderung des \u00d6kosystems der Start-ups in Bearbeitung, um die Gr\u00fcndung dieser Art von Unternehmen in Spanien zu f\u00f6rdern.[:]","og_url":"https:\/\/www.emhe.es\/el-efecto-silicon-valley-llega-a-espana\/","og_site_name":"RocaJunyent_grupo - EMHE Legal","article_published_time":"2022-04-08T16:53:35+00:00","article_modified_time":"2022-04-12T16:53:45+00:00","author":"EMHE","twitter_card":"summary_large_image","twitter_misc":{"Verfasst von":"EMHE","Gesch\u00e4tzte Lesezeit":"15 Minuten"},"schema":{"@context":"https:\/\/schema.org","@graph":[{"@type":"WebPage","@id":"https:\/\/www.emhe.es\/el-efecto-silicon-valley-llega-a-espana\/","url":"https:\/\/www.emhe.es\/el-efecto-silicon-valley-llega-a-espana\/","name":"[:es]El efecto Silicon Valley llega a Espa\u00f1a[:en]The Silicon Valley effect reaches Spain[:de]Der Silicon-Valley-Effekt erreicht Spanien[:] - RocaJunyent_grupo - EMHE Legal","isPartOf":{"@id":"https:\/\/www.emhe.es\/#website"},"datePublished":"2022-04-08T16:53:35+00:00","dateModified":"2022-04-12T16:53:45+00:00","author":{"@id":"https:\/\/www.emhe.es\/#\/schema\/person\/f30fb3874324d30bcb28b773bc9e46e8"},"breadcrumb":{"@id":"https:\/\/www.emhe.es\/el-efecto-silicon-valley-llega-a-espana\/#breadcrumb"},"inLanguage":"de-DE","potentialAction":[{"@type":"ReadAction","target":["https:\/\/www.emhe.es\/el-efecto-silicon-valley-llega-a-espana\/"]}]},{"@type":"BreadcrumbList","@id":"https:\/\/www.emhe.es\/el-efecto-silicon-valley-llega-a-espana\/#breadcrumb","itemListElement":[{"@type":"ListItem","position":1,"name":"Portada","item":"https:\/\/www.emhe.es\/"},{"@type":"ListItem","position":2,"name":"El efecto Silicon Valley llega a Espa\u00f1a"}]},{"@type":"WebSite","@id":"https:\/\/www.emhe.es\/#website","url":"https:\/\/www.emhe.es\/","name":"RocaJunyent_grupo - EMHE Legal","description":"","potentialAction":[{"@type":"SearchAction","target":{"@type":"EntryPoint","urlTemplate":"https:\/\/www.emhe.es\/?s={search_term_string}"},"query-input":{"@type":"PropertyValueSpecification","valueRequired":true,"valueName":"search_term_string"}}],"inLanguage":"de-DE"},{"@type":"Person","@id":"https:\/\/www.emhe.es\/#\/schema\/person\/f30fb3874324d30bcb28b773bc9e46e8","name":"EMHE","image":{"@type":"ImageObject","inLanguage":"de-DE","@id":"https:\/\/www.emhe.es\/#\/schema\/person\/image\/","url":"https:\/\/secure.gravatar.com\/avatar\/92e82fdad437c34a114256d5c5141861?s=96&d=mm&r=g","contentUrl":"https:\/\/secure.gravatar.com\/avatar\/92e82fdad437c34a114256d5c5141861?s=96&d=mm&r=g","caption":"EMHE"},"url":"https:\/\/www.emhe.es\/de\/author\/emhe-es\/"}]}},"_links":{"self":[{"href":"https:\/\/www.emhe.es\/de\/wp-json\/wp\/v2\/posts\/9648"}],"collection":[{"href":"https:\/\/www.emhe.es\/de\/wp-json\/wp\/v2\/posts"}],"about":[{"href":"https:\/\/www.emhe.es\/de\/wp-json\/wp\/v2\/types\/post"}],"author":[{"embeddable":true,"href":"https:\/\/www.emhe.es\/de\/wp-json\/wp\/v2\/users\/2"}],"replies":[{"embeddable":true,"href":"https:\/\/www.emhe.es\/de\/wp-json\/wp\/v2\/comments?post=9648"}],"version-history":[{"count":1,"href":"https:\/\/www.emhe.es\/de\/wp-json\/wp\/v2\/posts\/9648\/revisions"}],"predecessor-version":[{"id":9649,"href":"https:\/\/www.emhe.es\/de\/wp-json\/wp\/v2\/posts\/9648\/revisions\/9649"}],"wp:attachment":[{"href":"https:\/\/www.emhe.es\/de\/wp-json\/wp\/v2\/media?parent=9648"}],"wp:term":[{"taxonomy":"category","embeddable":true,"href":"https:\/\/www.emhe.es\/de\/wp-json\/wp\/v2\/categories?post=9648"},{"taxonomy":"post_tag","embeddable":true,"href":"https:\/\/www.emhe.es\/de\/wp-json\/wp\/v2\/tags?post=9648"}],"curies":[{"name":"wp","href":"https:\/\/api.w.org\/{rel}","templated":true}]}}